{"id":4568,"date":"2025-12-26T19:58:20","date_gmt":"2025-12-26T18:58:20","guid":{"rendered":"https:\/\/cheyennecarronparfums.com\/?p=4568"},"modified":"2026-01-31T21:24:52","modified_gmt":"2026-01-31T20:24:52","slug":"le-parfum-dyseult-une-signature-libre-intense-et-profondement-humaine","status":"publish","type":"post","link":"https:\/\/cheyennecarronparfums.com\/de\/le-parfum-dyseult-une-signature-libre-intense-et-profondement-humaine\/","title":{"rendered":"Le parfum d\u2019Yseult : une signature libre, intense et profond\u00e9ment humaine"},"content":{"rendered":"<p>Il y a des parfums qui habillent. Et puis il y a ceux qui <strong>r\u00e9v\u00e8lent<\/strong>.<br>Le parfum d\u2019Yseult appartient \u00e0 cette seconde cat\u00e9gorie : une cr\u00e9ation audacieuse, intime, presque visc\u00e9rale, qui d\u00e9passe la simple fragrance pour devenir une v\u00e9ritable <strong>d\u00e9claration d\u2019identit\u00e9<\/strong>.<\/p>\n\n\n\n<p>\u00c0 l\u2019image de l\u2019artiste, ce parfum ne cherche pas \u00e0 plaire \u00e0 tout prix. Il s\u2019impose, il touche, il reste. Il parle \u00e0 celles et ceux qui assument leur singularit\u00e9, leur force comme leurs failles, et qui voient le parfum comme une extension de leur voix int\u00e9rieure.<\/p>\n\n\n\n<h3 class=\"wp-block-heading\">Une fragrance \u00e0 l\u2019image d\u2019Yseult : brute et sensible<\/h3>\n\n\n\n<p>Yseult est une artiste qui refuse les cadres, les \u00e9tiquettes et les compromis. Son parfum suit cette m\u00eame philosophie. Il se d\u00e9ploie avec une intensit\u00e9 ma\u00eetris\u00e9e, oscillant entre douceur enveloppante et puissance assum\u00e9e.<\/p>\n\n\n\n<p>D\u00e8s les premi\u00e8res notes, la fragrance intrigue. Elle capte l\u2019attention sans jamais \u00eatre tapageuse. Puis elle \u00e9volue lentement sur la peau, r\u00e9v\u00e9lant une composition riche, charnelle, presque magn\u00e9tique. Les accords se fondent les uns dans les autres avec une \u00e9l\u00e9gance instinctive, cr\u00e9ant une sensation de proximit\u00e9, comme un souffle chaud contre la peau.<\/p>\n\n\n\n<p>Ce parfum n\u2019est pas l\u00e0 pour se faire oublier. Il laisse une trace, une \u00e9motion, un souvenir.<\/p>\n\n\n\n<h3 class=\"wp-block-heading\">Un parfum de peau, de pr\u00e9sence, d\u2019\u00e9motion<\/h3>\n\n\n\n<p>Plus qu\u2019un simple sillage, le parfum d\u2019Yseult est une <strong>pr\u00e9sence<\/strong>. Il \u00e9pouse la peau, s\u2019y transforme, devient unique sur chaque personne qui le porte. Il ne masque pas : il souligne. Il ne joue pas un r\u00f4le : il dit la v\u00e9rit\u00e9.<\/p>\n\n\n\n<p>Ses notes, \u00e0 la fois chaleureuses et profondes, \u00e9voquent la confiance, la sensualit\u00e9, mais aussi une forme de vuln\u00e9rabilit\u00e9 assum\u00e9e. C\u2019est un parfum qui vit, qui respire, qui \u00e9volue au fil des heures et des \u00e9motions.<\/p>\n\n\n\n<p>On le porte comme on porte une seconde peau. Comme une affirmation silencieuse.<\/p>\n\n\n\n<h3 class=\"wp-block-heading\">Une vision moderne de la parfumerie<\/h3>\n\n\n\n<p>Le parfum d\u2019Yseult s\u2019inscrit dans une vision contemporaine de la parfumerie : inclusive, libre, sans genre impos\u00e9. Il s\u2019adresse \u00e0 toutes celles et ceux qui refusent les codes fig\u00e9s et pr\u00e9f\u00e8rent choisir un parfum pour ce qu\u2019il leur fait ressentir, plut\u00f4t que pour ce qu\u2019il est cens\u00e9 repr\u00e9senter.<\/p>\n\n\n\n<p>C\u2019est une fragrance pour les esprits ind\u00e9pendants, les personnalit\u00e9s fortes, les \u00e2mes cr\u00e9atives. Un parfum qui accompagne autant les moments de douceur que les instants de puissance.<\/p>\n\n\n\n<h3 class=\"wp-block-heading\">Pourquoi choisir le parfum d\u2019Yseult ?<\/h3>\n\n\n\n<ul class=\"wp-block-list\">\n<li>Pour son <strong>caract\u00e8re unique<\/strong>, loin des compositions standardis\u00e9es<\/li>\n\n\n\n<li>Pour son <strong>intensit\u00e9 \u00e9motionnelle<\/strong>, qui cr\u00e9e un lien imm\u00e9diat<\/li>\n\n\n\n<li>Pour sa <strong>signature olfactive forte<\/strong>, m\u00e9morable sans \u00eatre \u00e9crasante<\/li>\n\n\n\n<li>Pour ce qu\u2019il repr\u00e9sente : la libert\u00e9 d\u2019\u00eatre soi, sans concession<\/li>\n<\/ul>\n\n\n\n<h3 class=\"wp-block-heading\">Un parfum manifeste<\/h3>\n\n\n\n<p>Porter le parfum d\u2019Yseult, ce n\u2019est pas seulement se parfumer.<br>C\u2019est affirmer une vision. Une sensibilit\u00e9. Une force tranquille.<\/p>\n\n\n\n<p>C\u2019est choisir un parfum qui ne raconte pas une histoire invent\u00e9e, mais qui <strong>amplifie la v\u00f4tre<\/strong>.<\/p>\n\n\n\n<p>Voici le site : https:\/\/cheyennecarronparfums.com\/products\/le-parfum-dyseult\/<\/p>","protected":false},"excerpt":{"rendered":"<p>Il y a des parfums qui habillent. Et puis il y a ceux qui r\u00e9v\u00e8lent.Le parfum d\u2019Yseult appartient \u00e0 cette seconde cat\u00e9gorie : une cr\u00e9ation audacieuse, intime, presque visc\u00e9rale, qui d\u00e9passe la simple fragrance pour devenir une v\u00e9ritable d\u00e9claration d\u2019identit\u00e9. \u00c0 l\u2019image de l\u2019artiste, ce parfum ne cherche pas \u00e0 plaire \u00e0 tout prix. Il [&hellip;]<\/p>\n","protected":false},"author":1,"featured_media":4844,"comment_status":"open","ping_status":"closed","sticky":false,"template":"","format":"standard","meta":{"_acf_changed":false,"_et_pb_use_builder":"off","_et_pb_old_content":"","_et_gb_content_width":"","_jetpack_memberships_contains_paid_content":false,"footnotes":""},"categories":[1],"tags":[],"class_list":["post-4568","post","type-post","status-publish","format-standard","has-post-thumbnail","hentry","category-non-classifiee"],"acf":[],"jetpack_featured_media_url":"https:\/\/cheyennecarronparfums.com\/wp-content\/uploads\/2018\/01\/Le-parfum-dYseult-1.png","jetpack_sharing_enabled":true,"_links":{"self":[{"href":"https:\/\/cheyennecarronparfums.com\/de\/wp-json\/wp\/v2\/posts\/4568","targetHints":{"allow":["GET"]}}],"collection":[{"href":"https:\/\/cheyennecarronparfums.com\/de\/wp-json\/wp\/v2\/posts"}],"about":[{"href":"https:\/\/cheyennecarronparfums.com\/de\/wp-json\/wp\/v2\/types\/post"}],"author":[{"embeddable":true,"href":"https:\/\/cheyennecarronparfums.com\/de\/wp-json\/wp\/v2\/users\/1"}],"replies":[{"embeddable":true,"href":"https:\/\/cheyennecarronparfums.com\/de\/wp-json\/wp\/v2\/comments?post=4568"}],"version-history":[{"count":2,"href":"https:\/\/cheyennecarronparfums.com\/de\/wp-json\/wp\/v2\/posts\/4568\/revisions"}],"predecessor-version":[{"id":4604,"href":"https:\/\/cheyennecarronparfums.com\/de\/wp-json\/wp\/v2\/posts\/4568\/revisions\/4604"}],"wp:featuredmedia":[{"embeddable":true,"href":"https:\/\/cheyennecarronparfums.com\/de\/wp-json\/wp\/v2\/media\/4844"}],"wp:attachment":[{"href":"https:\/\/cheyennecarronparfums.com\/de\/wp-json\/wp\/v2\/media?parent=4568"}],"wp:term":[{"taxonomy":"category","embeddable":true,"href":"https:\/\/cheyennecarronparfums.com\/de\/wp-json\/wp\/v2\/categories?post=4568"},{"taxonomy":"post_tag","embeddable":true,"href":"https:\/\/cheyennecarronparfums.com\/de\/wp-json\/wp\/v2\/tags?post=4568"}],"curies":[{"name":"wp","href":"https:\/\/api.w.org\/{rel}","templated":true}]}}